{"id":12948,"date":"2021-12-31T14:23:49","date_gmt":"2021-12-31T09:23:49","guid":{"rendered":"http:\/\/newashgabat.com\/?p=12948"},"modified":"2022-01-03T23:05:24","modified_gmt":"2022-01-03T18:05:24","slug":"turkmenistanyn-prezidenti-taze-yyl-dabaralaryna-gatnasdy","status":"publish","type":"post","link":"https:\/\/newsashgabat.com\/?p=12948","title":{"rendered":"T\u00fcrkmenistany\u0148 Prezidenti T\u00e4ze \u00fdyl dabaralaryna gatna\u015fdy"},"content":{"rendered":"<p>\u015eu g\u00fcn hormatly Prezidentimiz \u00fdurdumyzy\u0148 Ba\u015f ar\u00e7asynda guralan T\u00e4ze \u00fdyl dabaralaryna gatna\u015fdy hem-de \u201c\u00c4lem\u201d medeni-dyn\u00e7 aly\u015f merkezini\u0148 \u00fdanyndaky me\u00fddan\u00e7asynda ge\u00e7irilen ba\u00fdram\u00e7ylyk \u00e7\u00e4relerine gatna\u015fyjylary\u0148 \u015fatlyklaryna go\u015fuldy. Bu barada \u201cWatan\u201d habarlar geple\u015figinde bellenilip ge\u00e7il\u00fd\u00e4r.<\/p>\n<p>Milli Liderimiz \u201c\u00c4lem\u201d medeni-dyn\u00e7 aly\u015f merkezini\u0148 \u00fdanyndaky me\u00fddan\u00e7asynda oturdylan \u00fdurdumyzy\u0148 Ba\u015f ar\u00e7asyny\u0148 \u00fdanynda \u00fda\u015f t\u00fcrkmenistanlylar gar\u015fylady. Olar milli Liderimize go\u015fgy okap berdiler.<\/p>\n<p>So\u0148ra milli Liderimiz bagty\u00fdar nesiller bilen bilelikde T\u00e4ze \u00fdyl ar\u00e7asyny\u0148 da\u015fyndan a\u00fdlandy. Bu \u00fderde bagty\u00fdar nesillere hormatly Prezidentimizi\u0148 adyndan T\u00e4ze \u00fdyl sowgatlary gow\u015furyldy.<\/p>\n<p>\u015ee\u00fdle hem hormatly Prezidentimiz \u00e7agalary\u0148 ha\u00fdy\u015fy bo\u00fdun\u00e7a \u00fdurdumyzy\u0148 Ba\u015f ar\u00e7asyny\u0148 \u00fdanynda aja\u00fdyp ba\u00fdram\u00e7ylygy\u0148 hormatyna \u00fdadyg\u00e4rlik surata d\u00fc\u015fdi.<\/p>\n<p>So\u0148ra T\u00e4ze \u00fdyl dabaralary \u00fdurdumyzy\u0148 S\u00f6wda-senagat edarasyny\u0148 binasynda dowam etdi. Bu \u00fderde bagty\u00fdar nesilleri\u0148 \u015fady\u00fdan \u00e7yky\u015flary toma\u015fa edildi.<\/p>\n<p>Dabarany\u0148 dowamynda bagty\u00fdar nesilleri\u0148 d\u00fcrli dillerde \u00fderine \u00fdetiren a\u00fddym-sazly \u00e7yky\u015flary we jo\u015fgunly tanslary bu \u00fderde guralan dabarany\u0148 \u015fowhunyny has-da belende g\u00f6terdi.<\/p>\n<p style=\"text-align: right;\"><em><strong>Akbibi BA\u00ddRAMOWA,<\/strong><\/em><\/p>\n<p style=\"text-align: right;\"><em><strong>T\u00fcrkmenistany\u0148 Da\u015fary i\u015fler ministrligini\u0148<\/strong><\/em><\/p>\n<p style=\"text-align: right;\"><em><strong>Halkara gatna\u015fyklary institutyny\u0148 talyby.<\/strong><\/em><\/p>\n<p><\/p>","protected":false},"excerpt":{"rendered":"<p>\u015eu g\u00fcn hormatly Prezidentimiz \u00fdurdumyzy\u0148 Ba\u015f ar\u00e7asynda guralan T\u00e4ze \u00fdyl dabaralaryna gatna\u015fdy hem-de \u201c\u00c4lem\u201d medeni-dyn\u00e7 aly\u015f merkezini\u0148 \u00fdanyndaky me\u00fddan\u00e7asynda ge\u00e7irilen ba\u00fdram\u00e7ylyk \u00e7\u00e4relerine gatna\u015fyjylary\u0148 \u015fatlyklaryna go\u015fuldy. Bu barada \u201cWatan\u201d habarlar geple\u015figinde bellenilip ge\u00e7il\u00fd\u00e4r. Milli Liderimiz \u201c\u00c4lem\u201d medeni-dyn\u00e7 aly\u015f merkezini\u0148 \u00fdanyndaky me\u00fddan\u00e7asynda oturdylan \u00fdurdumyzy\u0148 Ba\u015f ar\u00e7asyny\u0148 \u00fdanynda \u00fda\u015f t\u00fcrkmenistanlylar gar\u015fylady. Olar milli Liderimize go\u015fgy okap berdiler. So\u0148ra [&hellip;]<\/p>\n","protected":false},"author":3,"featured_media":13010,"comment_status":"open","ping_status":"open","sticky":false,"template":"","format":"standard","meta":{"footnotes":""},"categories":[10],"tags":[],"_links":{"self":[{"href":"https:\/\/newsashgabat.com\/index.php?rest_route=\/wp\/v2\/posts\/12948"}],"collection":[{"href":"https:\/\/newsashgabat.com\/index.php?rest_route=\/wp\/v2\/posts"}],"about":[{"href":"https:\/\/newsashgabat.com\/index.php?rest_route=\/wp\/v2\/types\/post"}],"author":[{"embeddable":true,"href":"https:\/\/newsashgabat.com\/index.php?rest_route=\/wp\/v2\/users\/3"}],"replies":[{"embeddable":true,"href":"https:\/\/newsashgabat.com\/index.php?rest_route=%2Fwp%2Fv2%2Fcomments&post=12948"}],"version-history":[{"count":1,"href":"https:\/\/newsashgabat.com\/index.php?rest_route=\/wp\/v2\/posts\/12948\/revisions"}],"predecessor-version":[{"id":12949,"href":"https:\/\/newsashgabat.com\/index.php?rest_route=\/wp\/v2\/posts\/12948\/revisions\/12949"}],"wp:featuredmedia":[{"embeddable":true,"href":"https:\/\/newsashgabat.com\/index.php?rest_route=\/wp\/v2\/media\/13010"}],"wp:attachment":[{"href":"https:\/\/newsashgabat.com\/index.php?rest_route=%2Fwp%2Fv2%2Fmedia&parent=12948"}],"wp:term":[{"taxonomy":"category","embeddable":true,"href":"https:\/\/newsashgabat.com\/index.php?rest_route=%2Fwp%2Fv2%2Fcategories&post=12948"},{"taxonomy":"post_tag","embeddable":true,"href":"https:\/\/newsashgabat.com\/index.php?rest_route=%2Fwp%2Fv2%2Ftags&post=12948"}],"curies":[{"name":"wp","href":"https:\/\/api.w.org\/{rel}","templated":true}]}}